{"id":2997,"date":"2025-04-29T12:53:02","date_gmt":"2025-04-29T12:53:02","guid":{"rendered":"https:\/\/congresoibericodeastrologia.com\/barcelona2026\/?p=2997"},"modified":"2026-02-07T17:31:07","modified_gmt":"2026-02-07T17:31:07","slug":"porque-asistir-congreso-iberico-astrologia-galicia","status":"publish","type":"post","link":"https:\/\/congresoibericodeastrologia.com\/barcelona2026\/porque-asistir-congreso-iberico-astrologia-galicia\/","title":{"rendered":"5 razones para asistir al Congreso Ib\u00e9rico de Astrolog\u00eda en Barcelona 2026"},"content":{"rendered":"\n<h2 class=\"wp-block-heading\">\u00bfA\u00fan no te decides? Descubre por qu\u00e9 el Congreso Ib\u00e9rico de Astrolog\u00eda\u00ae 2026 marca un antes y un despu\u00e9s<\/h2>\n\n\n\n<p>El&nbsp;<strong>Congreso Ib\u00e9rico de Astrolog\u00eda\u00ae 2026<\/strong>&nbsp;se celebrar\u00e1 del&nbsp;<strong>20 al 22 de febrero de 2026 en Barcelona<\/strong>, consolid\u00e1ndose como uno de los&nbsp;<strong>principales congresos de astrolog\u00eda en espa\u00f1ol<\/strong>, tanto en formato&nbsp;<strong>presencial<\/strong>&nbsp;como&nbsp;<strong>online<\/strong>.<br>Esta&nbsp;<strong>41.\u00aa edici\u00f3n<\/strong>&nbsp;inaugura una&nbsp;<strong>nueva etapa<\/strong>, con un enfoque renovado en la&nbsp;<strong>astrolog\u00eda \u00e9tica, profesional y contempor\u00e1nea<\/strong>, adaptada a los retos reales del sector actual.<\/p>\n\n\n\n<p>Si te preguntas si merece la pena asistir al&nbsp;<strong>Congreso Ib\u00e9rico de Astrolog\u00eda en Barcelona<\/strong>, estas son&nbsp;<strong>cinco razones clave<\/strong>&nbsp;para reservar tu entrada.<\/p>\n\n\n\n<hr class=\"wp-block-separator has-alpha-channel-opacity\"\/>\n\n\n\n<h2 class=\"wp-block-heading\">1. Nueva etapa del Congreso Ib\u00e9rico de Astrolog\u00eda: experiencia y renovaci\u00f3n<\/h2>\n\n\n\n<p>Con m\u00e1s de&nbsp;<strong>cuatro d\u00e9cadas de trayectoria<\/strong>, el&nbsp;<strong>Congreso Ib\u00e9rico de Astrolog\u00eda\u00ae<\/strong>&nbsp;inicia en 2026 una fase de&nbsp;<strong>actualizaci\u00f3n profunda<\/strong>&nbsp;en contenidos, formatos y enfoque, manteniendo sus valores fundamentales:&nbsp;<strong>rigor, \u00e9tica y calidad profesional<\/strong>.<\/p>\n\n\n\n<p>Esta edici\u00f3n apuesta por una astrolog\u00eda:<\/p>\n\n\n\n<ul class=\"wp-block-list\">\n<li>Responsable y aplicada<\/li>\n\n\n\n<li>Con pensamiento cr\u00edtico<\/li>\n\n\n\n<li>Conectada con el presente y el futuro del sector<\/li>\n<\/ul>\n\n\n\n<p>Una evoluci\u00f3n necesaria para quienes buscan&nbsp;<strong>formaci\u00f3n astrol\u00f3gica seria y actualizada<\/strong>.<\/p>\n\n\n\n<hr class=\"wp-block-separator has-alpha-channel-opacity\"\/>\n\n\n\n<h2 class=\"wp-block-heading\">2. Programa multidisciplinar de astrolog\u00eda: ponencias, talleres y \u00e9tica<\/h2>\n\n\n\n<p>La programaci\u00f3n del&nbsp;<strong>Congreso Ib\u00e9rico de Astrolog\u00eda 2026<\/strong>&nbsp;combina:<\/p>\n\n\n\n<ul class=\"wp-block-list\">\n<li><strong>Ponencias especializadas<\/strong><\/li>\n\n\n\n<li><strong>Talleres pr\u00e1cticos de astrolog\u00eda<\/strong><\/li>\n\n\n\n<li><strong>Mesa redondas sobre Astrolog\u00eda mundiaal, \u00e9tica astrol\u00f3gica y pr\u00e1ctica profesional<\/strong><\/li>\n<\/ul>\n\n\n\n<p>Dise\u00f1ada para aportar valor real a:<\/p>\n\n\n\n<ul class=\"wp-block-list\">\n<li><strong>Estudiantes de astrolog\u00eda<\/strong>, que buscan bases s\u00f3lidas<\/li>\n\n\n\n<li><strong>Astr\u00f3logos\/as en activo<\/strong>, que desean actualizar m\u00e9todos y criterios<\/li>\n\n\n\n<li><strong>Profesionales del bienestar<\/strong>, interesados en integrar la astrolog\u00eda de forma \u00e9tica<\/li>\n<\/ul>\n\n\n\n<p>Todas las sesiones quedar\u00e1n disponibles en&nbsp;<strong>grabaciones HD<\/strong>, incluidas con la entrada correspondiente.<\/p>\n\n\n\n<hr class=\"wp-block-separator has-alpha-channel-opacity\"\/>\n\n\n\n<h2 class=\"wp-block-heading\"><strong>3. Modalidades de entrada flexibles y descuentos inteligentes<\/strong><\/h2>\n\n\n\n<figure class=\"wp-block-table\"><table class=\"has-fixed-layout\"><tbody><tr><td><strong>Modalidad<\/strong><\/td><td><strong>Precio Early Bird*<\/strong><\/td><td><strong>Ideal para<\/strong><\/td><td><strong>Incluye<\/strong><\/td><\/tr><tr><td><strong>Planeta (digital)<\/strong><\/td><td>80 \u20ac<\/td><td>P\u00fablico global<\/td><td>Acceso en vivo + grabaciones<\/td><\/tr><tr><td><strong>Astral (presencial)<\/strong><\/td><td>150 \u20ac<\/td><td>Quienes buscan inmersi\u00f3n<\/td><td>Beneficios Planeta + asiento preferente + din\u00e1micas grupales<\/td><\/tr><tr><td><strong>Cosmos VIP<\/strong><\/td><td>190 \u20ac<\/td><td>Astr\u00f3logos profesionales<\/td><td>Beneficios Astral + todos los talleres + obsequio premium<\/td><\/tr><\/tbody><\/table><\/figure>\n\n\n\n<p><em>Tarifas v\u00e1lidas hasta agotar cupos. Descuentos para grupos (+5), j\u00f3venes \u226421 y mayores \u226565.<\/em><\/p>\n\n\n\n<p>Esta estructura elimina barreras geogr\u00e1ficas y econ\u00f3micas, priorizando la <strong>accesibilidad<\/strong>\u2014una de las misiones del congreso\u2014y refuerza la intenci\u00f3n de b\u00fasqueda <em>\u201ccomprar entradas Congreso Ib\u00e9rico de Astrolog\u00eda\u201d<\/em>.<\/p>\n\n\n\n<hr class=\"wp-block-separator has-alpha-channel-opacity\"\/>\n\n\n\n<h2 class=\"wp-block-heading\">4. Networking profesional y experiencia en Barcelona<\/h2>\n\n\n\n<p>Celebrado en&nbsp;<strong>Barcelona<\/strong>, uno de los principales hubs culturales y profesionales de Europa, el congreso ofrece una experiencia que va m\u00e1s all\u00e1 de las ponencias.<\/p>\n\n\n\n<p>Durante el evento podr\u00e1s:<\/p>\n\n\n\n<ul class=\"wp-block-list\">\n<li>Conectar con\u00a0<strong>astr\u00f3logos, docentes e investigadores<\/strong><\/li>\n\n\n\n<li>Crear\u00a0<strong>colaboraciones profesionales reales<\/strong><\/li>\n\n\n\n<li>Participar en\u00a0<strong>encuentros sociales y actividades de networking consciente<\/strong><\/li>\n<\/ul>\n\n\n\n<p>Una oportunidad \u00fanica para ampliar tu red en un&nbsp;<strong>congreso de astrolog\u00eda profesional<\/strong>.<\/p>\n\n\n\n<hr class=\"wp-block-separator has-alpha-channel-opacity\"\/>\n\n\n\n<h2 class=\"wp-block-heading\">5. Convocatoria abierta de ponencias: gana visibilidad profesional<\/h2>\n\n\n\n<p>El&nbsp;<strong>Congreso Ib\u00e9rico de Astrolog\u00eda\u00ae 2026<\/strong>&nbsp;mantiene abierta su&nbsp;<strong>convocatoria de ponencias<\/strong>, dirigida a astr\u00f3logos e investigadores que deseen compartir su trabajo.<\/p>\n\n\n\n<p>Presentar una ponencia te permite:<\/p>\n\n\n\n<ul class=\"wp-block-list\">\n<li>Exponer tu investigaci\u00f3n ante un p\u00fablico especializado<\/li>\n\n\n\n<li>Recibir feedback cualificado<\/li>\n\n\n\n<li>Publicar en las\u00a0<strong>actas digitales del congreso<\/strong><\/li>\n\n\n\n<li>Reforzar tu posicionamiento profesional<\/li>\n<\/ul>\n\n\n\n<p>Una v\u00eda directa para ganar visibilidad en esta&nbsp;<strong>nueva etapa del Congreso Ib\u00e9rico de Astrolog\u00eda<\/strong>.<\/p>\n\n\n\n<hr class=\"wp-block-separator has-alpha-channel-opacity\"\/>\n\n\n\n<h2 class=\"wp-block-heading\">Preguntas r\u00e1pidas antes de reservar tu entrada<\/h2>\n\n\n\n<p><strong>\u00bfCu\u00e1ndo se celebra el Congreso Ib\u00e9rico de Astrolog\u00eda 2026?<\/strong><br>Del&nbsp;<strong>20 al 22 de febrero de 2026<\/strong>.<\/p>\n\n\n\n<p><strong>\u00bfD\u00f3nde se celebra el congreso presencial?<\/strong><br>En&nbsp;<strong>Barcelona<\/strong>, con opci\u00f3n de asistencia&nbsp;<strong>online<\/strong>.<\/p>\n\n\n\n<p><strong>\u00bfLa entrada digital incluye talleres?<\/strong><br>Los talleres est\u00e1n incluidos en la&nbsp;<strong>modalidad VIP<\/strong>. Otras modalidades pueden a\u00f1adirlos seg\u00fan disponibilidad.<\/p>\n\n\n\n<hr class=\"wp-block-separator has-alpha-channel-opacity\"\/>\n\n\n\n<h2 class=\"wp-block-heading\">Reserva tu entrada para el Congreso Ib\u00e9rico de Astrolog\u00eda\u00ae 2026 en Barcelona<\/h2>\n\n\n\n<p>El&nbsp;<strong>Congreso Ib\u00e9rico de Astrolog\u00eda\u00ae 2026<\/strong>&nbsp;no es solo un evento de astrolog\u00eda: es una&nbsp;<strong>plataforma de formaci\u00f3n, \u00e9tica y conexi\u00f3n profesional<\/strong>, pensada para quienes quieren ir m\u00e1s all\u00e1.<\/p>\n\n\n\n<p>Reserva ahora tu&nbsp;<strong>entrada Early Bird<\/strong>&nbsp;en la web oficial y forma parte de esta&nbsp;<strong>nueva etapa de la astrolog\u00eda en espa\u00f1ol<\/strong>.<\/p>\n","protected":false},"excerpt":{"rendered":"<p>\u00bfA\u00fan no te decides? Descubre por qu\u00e9 el Congreso Ib\u00e9rico de Astrolog\u00eda\u00ae 2026 marca un antes y un despu\u00e9s El&nbsp;Congreso Ib\u00e9rico de Astrolog\u00eda\u00ae 2026&nbsp;se celebrar\u00e1 del&nbsp;20 al 22 de febrero de 2026 en Barcelona, consolid\u00e1ndose como uno de los&nbsp;principales congresos de astrolog\u00eda en espa\u00f1ol, tanto en formato&nbsp;presencial&nbsp;como&nbsp;online.Esta&nbsp;41.\u00aa edici\u00f3n&nbsp;inaugura una&nbsp;nueva etapa, con un enfoque renovado en [&hellip;]<\/p>\n","protected":false},"author":2,"featured_media":2995,"comment_status":"open","ping_status":"open","sticky":false,"template":"","format":"standard","meta":{"footnotes":""},"categories":[1],"tags":[],"class_list":["post-2997","post","type-post","status-publish","format-standard","has-post-thumbnail","hentry","category-congreso-de-astrologia-2025"],"_links":{"self":[{"href":"https:\/\/congresoibericodeastrologia.com\/barcelona2026\/wp-json\/wp\/v2\/posts\/2997","targetHints":{"allow":["GET"]}}],"collection":[{"href":"https:\/\/congresoibericodeastrologia.com\/barcelona2026\/wp-json\/wp\/v2\/posts"}],"about":[{"href":"https:\/\/congresoibericodeastrologia.com\/barcelona2026\/wp-json\/wp\/v2\/types\/post"}],"author":[{"embeddable":true,"href":"https:\/\/congresoibericodeastrologia.com\/barcelona2026\/wp-json\/wp\/v2\/users\/2"}],"replies":[{"embeddable":true,"href":"https:\/\/congresoibericodeastrologia.com\/barcelona2026\/wp-json\/wp\/v2\/comments?post=2997"}],"version-history":[{"count":3,"href":"https:\/\/congresoibericodeastrologia.com\/barcelona2026\/wp-json\/wp\/v2\/posts\/2997\/revisions"}],"predecessor-version":[{"id":3906,"href":"https:\/\/congresoibericodeastrologia.com\/barcelona2026\/wp-json\/wp\/v2\/posts\/2997\/revisions\/3906"}],"wp:featuredmedia":[{"embeddable":true,"href":"https:\/\/congresoibericodeastrologia.com\/barcelona2026\/wp-json\/wp\/v2\/media\/2995"}],"wp:attachment":[{"href":"https:\/\/congresoibericodeastrologia.com\/barcelona2026\/wp-json\/wp\/v2\/media?parent=2997"}],"wp:term":[{"taxonomy":"category","embeddable":true,"href":"https:\/\/congresoibericodeastrologia.com\/barcelona2026\/wp-json\/wp\/v2\/categories?post=2997"},{"taxonomy":"post_tag","embeddable":true,"href":"https:\/\/congresoibericodeastrologia.com\/barcelona2026\/wp-json\/wp\/v2\/tags?post=2997"}],"curies":[{"name":"wp","href":"https:\/\/api.w.org\/{rel}","templated":true}]}}