{"id":2999,"date":"2025-05-06T13:04:23","date_gmt":"2025-05-06T13:04:23","guid":{"rendered":"https:\/\/congresoibericodeastrologia.com\/barcelona2026\/?p=2999"},"modified":"2025-05-15T17:39:22","modified_gmt":"2025-05-15T17:39:22","slug":"congreso-iberico-astrologia-2026","status":"publish","type":"post","link":"https:\/\/congresoibericodeastrologia.com\/barcelona2026\/congreso-iberico-astrologia-2026\/","title":{"rendered":"Todo sobre el Congreso Ib\u00e9rico de Astrolog\u00eda 2026 en Galicia"},"content":{"rendered":"\n<p>&nbsp;<em>(19-22 de febrero 2026, Galicia \u2013 41.\u00aa edici\u00f3n)<\/em><\/p>\n\n\n\n<p>El <a href=\"https:\/\/congresoibericodeastrologia.com\/barcelona2026\/porque-asistir-congreso-iberico-astrologia-galicia\/\"><strong>Congreso Ib\u00e9rico de Astrolog\u00eda 202<\/strong>6<\/a> \u2014el encuentro astrol\u00f3gico m\u00e1s longevo y prestigioso del mundo\u2014 vuelve con fuerza para celebrar su 41.\u00aa edici\u00f3n bajo el lema <em>\u201cAstrolog\u00eda verdadera y \u00e9tica\u201d<\/em>. Del <strong>19 al 22 de febrero 2026<\/strong>, Galicia se convertir\u00e1 en el epicentro internacional de la investigaci\u00f3n astrol\u00f3gica, reuniendo a los mejores astr\u00f3logos, investigadores y aficionados que buscan un enfoque <strong>rigurosamente profesional, inclusivo y con impacto social<\/strong>.<\/p>\n\n\n\n<h3 class=\"wp-block-heading\"><strong>\u00bfPor qu\u00e9 este congreso es \u00fanico?<\/strong><\/h3>\n\n\n\n<ul class=\"wp-block-list\">\n<li><strong>Tradici\u00f3n y autoridad<\/strong>: m\u00e1s de cuatro d\u00e9cadas de historia avalan un evento que ha sabido evolucionar sin perder su esencia cient\u00edfica.<br><\/li>\n\n\n\n<li><strong>Pluralidad de ponencias<\/strong>: 15 conferencias de alto nivel, 7 talleres pr\u00e1cticos y una mesa redonda que abrir\u00e1 el debate sobre los retos \u00e9ticos de la astrolog\u00eda contempor\u00e1nea.<br><\/li>\n\n\n\n<li><strong>Comunidad global<\/strong>: asistentes de toda Iberoam\u00e9rica y Europa comparten m\u00e9todos, datos y nuevas perspectivas, consolidando redes de colaboraci\u00f3n duraderas.<br><\/li>\n<\/ul>\n\n\n\n<h3 class=\"wp-block-heading\"><strong>Una agenda estelar para todos los niveles<\/strong><\/h3>\n\n\n\n<p>Tanto si te inicias en la lectura de cartas natales como si investigas correlaciones estad\u00edsticas, encontrar\u00e1s contenidos a tu medida. Los talleres cubrir\u00e1n desde astrolog\u00eda horaria hasta t\u00e9cnicas predictivas de vanguardia, con pr\u00e1cticas guiadas por <strong><a href=\"https:\/\/nazarethermida.es\/\" target=\"_blank\" rel=\"noopener\">Nazaret Hermida<\/a>, Cristina Jov\u00e9, Jos\u00e9 Luis Belmonte<\/strong> y otros referentes.<\/p>\n\n\n\n<h3 class=\"wp-block-heading\"><strong>Entradas dise\u00f1adas para maximizar tu aprendizaje<\/strong><\/h3>\n\n\n\n<figure class=\"wp-block-table\"><table class=\"has-fixed-layout\"><tbody><tr><td><strong>Modalidad<\/strong><\/td><td><strong>Precio Early Bird*<\/strong><\/td><td><strong>Incluye<\/strong><\/td><\/tr><tr><td><strong>Planeta (digital)<\/strong><\/td><td>170 \u20ac<\/td><td>Acceso en vivo + grabaciones HD eternas + regalo especial<\/td><\/tr><tr><td><strong>Astral (presencial)<\/strong><\/td><td>250 \u20ac<\/td><td>Todo lo anterior + actividades presenciales en primera fila<\/td><\/tr><tr><td><strong>Cosmos VIP<\/strong><\/td><td>390 \u20ac<\/td><td>Beneficios Astral + segundo evento, todos los talleres y obsequio premium<\/td><\/tr><\/tbody><\/table><\/figure>\n\n\n\n<p><em>*Tarifas v\u00e1lidas hasta agotar cupos; descuentos para grupos (+5), j\u00f3venes \u226421 a\u00f1os y mayores \u226565.<\/em><\/p>\n\n\n\n<h3 class=\"wp-block-heading\"><strong>Networking y experiencias exclusivas<\/strong><\/h3>\n\n\n\n<p>No te pierdas la <strong><a href=\"https:\/\/congresoibericodeastrologia.com\/barcelona2026\/ponentes\/\">Cena con Astr\u00f3logos<\/a><\/strong> del s\u00e1bado: aforo limitado para conversar cara a cara con los ponentes y potenciar alianzas profesionales. Adem\u00e1s, la fiesta de apertura y la gala de clausura convertir\u00e1n cada noche en una vivencia m\u00e1gica que trasciende lo acad\u00e9mico.<\/p>\n\n\n\n<h3 class=\"wp-block-heading\"><strong>Convocatoria abierta a ponentes<\/strong><\/h3>\n\n\n\n<p>El comit\u00e9 cient\u00edfico invita a investigadores a presentar propuestas originales; la pluralidad y el rigor ser\u00e1n los criterios clave de selecci\u00f3n. Si tu estudio aporta valor a la comunidad, \u00a1este es tu escenario!<\/p>\n\n\n\n<h3 class=\"wp-block-heading\"><strong>C\u00f3mo asegurar tu plaza<\/strong><\/h3>\n\n\n\n<ol class=\"wp-block-list\">\n<li><strong>Reserva ahora<\/strong> en la web oficial con garant\u00eda de precio reducido.<br><\/li>\n\n\n\n<li>Sigue las actualizaciones en <strong>Instagram, Facebook y YouTube<\/strong> para adelantos de la agenda.<br><\/li>\n\n\n\n<li>\u00danete al bolet\u00edn y descarga gratis la gu\u00eda \u201cAstrolog\u00eda \u00c9tica en el Siglo XXI\u201d.<br><\/li>\n<\/ol>\n\n\n\n<p><strong>Conclusi\u00f3n<br><\/strong> El <strong>Congreso Ib\u00e9rico de Astrolog\u00eda 2026<\/strong> es mucho m\u00e1s que un evento: es la puerta de entrada a una red global comprometida con una astrolog\u00eda \u00e9ticamente responsable y socialmente \u00fatil. <strong>Asegura tu entrada hoy<\/strong> y forma parte de la historia de la astrolog\u00eda moderna. \u00a1Nos vemos en Galicia!<\/p>\n\n\n\n<h2 class=\"wp-block-heading\">\u00bfTienes m\u00e1s dudas?<\/h2>\n\n\n\n<h2 class=\"wp-block-heading\">WhatsApp:<\/h2>\n\n\n\n<p><a href=\"tel:+34620213064\">(+34) 620 213 064<\/a><\/p>\n\n\n\n<h2 class=\"wp-block-heading\">Correo:<\/h2>\n\n\n\n<p><a href=\"mailto:info@congresoastrogalicia.com\">info@congresoastrogalicia.com<\/a><\/p>\n","protected":false},"excerpt":{"rendered":"<p>&nbsp;(19-22 de febrero 2026, Galicia \u2013 41.\u00aa edici\u00f3n) El Congreso Ib\u00e9rico de Astrolog\u00eda 2026 \u2014el encuentro astrol\u00f3gico m\u00e1s longevo y prestigioso del mundo\u2014 vuelve con fuerza para celebrar su 41.\u00aa edici\u00f3n bajo el lema \u201cAstrolog\u00eda verdadera y \u00e9tica\u201d. Del 19 al 22 de febrero 2026, Galicia se convertir\u00e1 en el epicentro internacional de la investigaci\u00f3n [&hellip;]<\/p>\n","protected":false},"author":209,"featured_media":2995,"comment_status":"open","ping_status":"open","sticky":false,"template":"","format":"standard","meta":{"footnotes":""},"categories":[1],"tags":[],"class_list":["post-2999","post","type-post","status-publish","format-standard","has-post-thumbnail","hentry","category-congreso-de-astrologia-2025"],"_links":{"self":[{"href":"https:\/\/congresoibericodeastrologia.com\/barcelona2026\/wp-json\/wp\/v2\/posts\/2999","targetHints":{"allow":["GET"]}}],"collection":[{"href":"https:\/\/congresoibericodeastrologia.com\/barcelona2026\/wp-json\/wp\/v2\/posts"}],"about":[{"href":"https:\/\/congresoibericodeastrologia.com\/barcelona2026\/wp-json\/wp\/v2\/types\/post"}],"author":[{"embeddable":true,"href":"https:\/\/congresoibericodeastrologia.com\/barcelona2026\/wp-json\/wp\/v2\/users\/209"}],"replies":[{"embeddable":true,"href":"https:\/\/congresoibericodeastrologia.com\/barcelona2026\/wp-json\/wp\/v2\/comments?post=2999"}],"version-history":[{"count":1,"href":"https:\/\/congresoibericodeastrologia.com\/barcelona2026\/wp-json\/wp\/v2\/posts\/2999\/revisions"}],"predecessor-version":[{"id":3001,"href":"https:\/\/congresoibericodeastrologia.com\/barcelona2026\/wp-json\/wp\/v2\/posts\/2999\/revisions\/3001"}],"wp:featuredmedia":[{"embeddable":true,"href":"https:\/\/congresoibericodeastrologia.com\/barcelona2026\/wp-json\/wp\/v2\/media\/2995"}],"wp:attachment":[{"href":"https:\/\/congresoibericodeastrologia.com\/barcelona2026\/wp-json\/wp\/v2\/media?parent=2999"}],"wp:term":[{"taxonomy":"category","embeddable":true,"href":"https:\/\/congresoibericodeastrologia.com\/barcelona2026\/wp-json\/wp\/v2\/categories?post=2999"},{"taxonomy":"post_tag","embeddable":true,"href":"https:\/\/congresoibericodeastrologia.com\/barcelona2026\/wp-json\/wp\/v2\/tags?post=2999"}],"curies":[{"name":"wp","href":"https:\/\/api.w.org\/{rel}","templated":true}]}}